{"id":1484,"date":"2018-01-07T18:49:52","date_gmt":"2018-01-07T18:49:52","guid":{"rendered":"https:\/\/olfaphily.fr\/leblog\/?p=1484"},"modified":"2018-10-01T09:39:01","modified_gmt":"2018-10-01T09:39:01","slug":"les-olfaphiles-vous-disent-tout-sur-la-chataigne-en-auvergne-rhone-alpes","status":"publish","type":"post","link":"https:\/\/olfaphily.fr\/leblog\/les-olfaphiles-vous-disent-tout-sur-la-chataigne-en-auvergne-rhone-alpes\/","title":{"rendered":"Les OlfaPhiles vous disent tout sur la ch\u00e2taigne en Auvergne Rh\u00f4ne-Alpes"},"content":{"rendered":"<p>La ch\u00e2taigne est cultiv\u00e9e par les moines depuis le 11\u00e8me si\u00e8cle. Elle pousse sur\u00a0\u00ab\u00a0l\u2019arbre \u00e0 pain\u00a0\u00bb ou \u00ab l\u2019arbre providence\u00bb dont le bois et les feuilles sont \u00e9galement exploit\u00e9s. Aujourd\u2019hui, il reste dans les for\u00eats ard\u00e9choises et auvergnates de nombreux arbres centenaires, v\u00e9ritables m\u00e9moires collectives. Les ch\u00e2taignes, fruits de ces arbres gracieux nourrissaient autrefois aussi bien les hommes que les animaux. En 2018 il existe une AOC avec plus de 60 vari\u00e9t\u00e9s aux noms parfois \u00e9vocateurs comme\u00a0:<\/p>\n<ul>\n<li>la pr\u00e9coce des Vans,<\/li>\n<li>la bouche-gorge,<\/li>\n<li>la merle,<\/li>\n<li>la dor\u00e9e de Lyon,<\/li>\n<li>l\u2019aguyane,<\/li>\n<li>la pourette<\/li>\n<li>et la fameuse <strong>comballe<\/strong>.<\/li>\n<\/ul>\n<h1>Ok pour la ch\u00e2taigne mais alors quid du marron\u00a0?<\/h1>\n<p><a href=\"https:\/\/olfaphily.fr\/leblog\/chataigne-auvergne-rhone-alpes-une-histoire-longue-de-millions-d-annees\/marrons-chauds\/\" rel=\"attachment wp-att-1490\"><img loading=\"lazy\" decoding=\"async\" class=\"aligncenter size-full wp-image-1490\" src=\"https:\/\/olfaphily.fr\/leblog\/wp-content\/uploads\/2018\/01\/Marrons-chauds-e1515404644217.jpeg\" alt=\"Marrons et ch\u00e2taignes en Auvergne Rhone-Alpes\" width=\"800\" height=\"533\" \/><\/a><\/p>\n<p>La ressemblance saisissante entre ch\u00e2taigne et marron, tous 2 prot\u00e9g\u00e9s dans une bogue et de couleur brune tach\u00e9e de blanc, entretient le flou artistique depuis des si\u00e8cles. Ce sont pourtant 2 esp\u00e8ces bien diff\u00e9rentes et seules les ch\u00e2taignes sont comestibles pour l\u2019homme. Cette confusion est d\u2019autant plus grande que, dans notre r\u00e9gion, aussit\u00f4t transform\u00e9s les fruits du ch\u00e2taignier prennent la d\u00e9nomination abusive de\u2026 marrons.<\/p>\n<p>On citera la plus que centenaire <a href=\"http:\/\/www.clementfaugier.fr\/fr\/v4\/v4_creme_de_marrons_1_1.aspx\" target=\"_blank\" rel=\"noopener\">cr\u00e8me de marrons de la maison Cl\u00e9ment Faugier<\/a> mais aussi des bi\u00e8res, \u00a0des compot\u00e9es, des biscuits et les fameux marrons chauds, fruits simplement grill\u00e9s dans un\u00a0 brasero.<\/p>\n<p>De saison \u00e9galement, les marrons glac\u00e9s dont la pr\u00e9paration n\u00e9cessite beaucoup de patience. Il faut en effet trier, calibrer, \u00e9plucher les plus gros fruits puis les enrouler dans un tulle. Ce dernier va les gainer pendant leurs plong\u00e9es successives dans des bains de sucre avant le gla\u00e7age final. Mes pr\u00e9f\u00e9r\u00e9s sont sans conteste ceux de la maison <a href=\"http:\/\/www.sabaton.fr\/boutique\/\" target=\"_blank\" rel=\"noopener\">Sabaton<\/a> mais il existe plein d\u2019autres prodigieux confiseurs \u00e0 d\u00e9couvrir dans la r\u00e9gion Auvergne Rh\u00f4ne-Alpes.<\/p>\n<p>Autre avantage du ch\u00e2taignier :\u00a0au printemps ses fleurs sont tr\u00e8s mellif\u00e8res et contribuent \u00e0 la production d\u2019un miel de teinte fonc\u00e9e au go\u00fbt d\u00e9licieux\u00a0!<\/p>\n<p>Vient ensuite en fin d\u2019\u00e9t\u00e9, le temps de la ramasse. Elle se fait le plus souvent \u00e0 l\u2019aide de la fourcole, un outil qui \u00e9vite de se piquer les doigts avec les bogues h\u00e9riss\u00e9s de piquants.<\/p>\n<h1>Marrons et ch\u00e2taignes \u00e0 la f\u00eate<\/h1>\n<p><a href=\"http:\/\/www.vogue-des-marrons.fr\/\" target=\"_blank\" rel=\"attachment noopener wp-att-1703\"><img loading=\"lazy\" decoding=\"async\" class=\"aligncenter wp-image-1703 size-full\" src=\"https:\/\/olfaphily.fr\/leblog\/wp-content\/uploads\/2018\/01\/Vogue_des_marrons_2018.png\" alt=\"Les OlfaPhiles a la vogue_des_marrons_2018\" width=\"800\" height=\"560\" srcset=\"https:\/\/olfaphily.fr\/leblog\/wp-content\/uploads\/2018\/01\/Vogue_des_marrons_2018.png 800w, https:\/\/olfaphily.fr\/leblog\/wp-content\/uploads\/2018\/01\/Vogue_des_marrons_2018-150x105.png 150w, https:\/\/olfaphily.fr\/leblog\/wp-content\/uploads\/2018\/01\/Vogue_des_marrons_2018-300x210.png 300w, https:\/\/olfaphily.fr\/leblog\/wp-content\/uploads\/2018\/01\/Vogue_des_marrons_2018-768x538.png 768w, https:\/\/olfaphily.fr\/leblog\/wp-content\/uploads\/2018\/01\/Vogue_des_marrons_2018-220x154.png 220w\" sizes=\"(max-width: 800px) 100vw, 800px\" \/><\/a><\/p>\n<p>Puis \u00e0 l\u2019automne, le marron \u00a0-enfin la ch\u00e2taigne- est f\u00eat\u00e9 en de nombreux coins de notre r\u00e9gion.<\/p>\n<p>Par exemple de mi-octobre \u00e0 mi-novembre le Parc naturel r\u00e9gional des Monts d&rsquo;Ard\u00e8che bat au rythme des \u00ab\u00a0<a href=\"http:\/\/www.castagnades.fr\/\" target=\"_blank\" rel=\"noopener\">Castagnades<\/a>\u00ab\u00a0. A cette occasion on peut d\u00e9couvrir de nombreuses animations autour du fruit, sa culture, du bois de ch\u00e2taignier et ses usages et enfin de ses d\u00e9lices.<\/p>\n<p>Au m\u00eame moment et depuis 150 ans, la fameuse <a href=\"http:\/\/www.vogue-des-marrons.fr\/\" target=\"_blank\" rel=\"noopener\">Vogue des marrons<\/a> bat son plein au c\u0153ur du quartier lyonnais de la Croix-Rousse.<\/p>\n<p>Mais aussi\u00a0:<\/p>\n<ul>\n<li>dans la Loire, \u00e0 <a href=\"http:\/\/www.la-tour-en-jarez.fr\/vie-associative\/la-fete-de-la-chataigne\/\" target=\"_blank\" rel=\"noopener\">La Tour en Jarez<\/a><\/li>\n<li>en Is\u00e8re, \u00e0 <a href=\"https:\/\/www.apprieu.fr\/840-1018-79-fete-chataigne.html\" target=\"_blank\" rel=\"noopener\">Apprieu<\/a> et \u00e0 Bernin<\/li>\n<li>direction le Cantal dans le joliment nomm\u00e9 village de <a href=\"http:\/\/www.foirechataignemourjou.fr\/\" target=\"_blank\" rel=\"noopener\">Mourjou-en-Ch\u00e2taigneraie<\/a><\/li>\n<li>etc<\/li>\n<\/ul>\n<h1>Quand vient l\u2019hiver, c\u2019est \u00ab\u00a0Chauds les marrons, chauds\u00a0!\u00a0\u00bb<\/h1>\n<p><a href=\"https:\/\/olfaphily.fr\/leblog\/chataigne-auvergne-rhone-alpes-une-histoire-longue-de-millions-d-annees\/chauds-les-marrons-chauds-by-olfaphily2\/\" rel=\"attachment wp-att-1704\"><img loading=\"lazy\" decoding=\"async\" class=\"aligncenter size-full wp-image-1704\" src=\"https:\/\/olfaphily.fr\/leblog\/wp-content\/uploads\/2018\/01\/Chauds-les-marrons-chauds-by-OlfaPhily2.png\" alt=\"Chauds les marrons chauds by OlfaPhily\" width=\"800\" height=\"560\" srcset=\"https:\/\/olfaphily.fr\/leblog\/wp-content\/uploads\/2018\/01\/Chauds-les-marrons-chauds-by-OlfaPhily2.png 800w, https:\/\/olfaphily.fr\/leblog\/wp-content\/uploads\/2018\/01\/Chauds-les-marrons-chauds-by-OlfaPhily2-150x105.png 150w, https:\/\/olfaphily.fr\/leblog\/wp-content\/uploads\/2018\/01\/Chauds-les-marrons-chauds-by-OlfaPhily2-300x210.png 300w, https:\/\/olfaphily.fr\/leblog\/wp-content\/uploads\/2018\/01\/Chauds-les-marrons-chauds-by-OlfaPhily2-768x538.png 768w, https:\/\/olfaphily.fr\/leblog\/wp-content\/uploads\/2018\/01\/Chauds-les-marrons-chauds-by-OlfaPhily2-220x154.png 220w\" sizes=\"(max-width: 800px) 100vw, 800px\" \/><\/a><\/p>\n<p>L\u2019hiver venu, vous pouvez toujours vous replier sur le <a href=\"http:\/\/www.musee-chataigneraie.fr\/\" target=\"_blank\" rel=\"noopener\">mus\u00e9e de la ch\u00e2taigneraie<\/a> \u00e0 Joyeuse en Ard\u00e8che. Ils proposent d\u2019ailleurs de <a href=\"http:\/\/www.musee-chataigneraie.fr\/?page_id=42\" target=\"_blank\" rel=\"noopener\">d\u00e9licieuses recettes<\/a>.<\/p>\n<p>Sinon, pourquoi ne pas vous laisser tenter par une bonne flamb\u00e9e dans l\u2019\u00e2tre de la chemin\u00e9e\u00a0ou alors vous consoler avec une bonne volaille aux marrons ?<\/p>\n<p>En v\u00e9ritable adepte de la ch\u00e2taigne (mais pas assez patiente pour le transformer en marrons glac\u00e9s), je vous propose pour ma part une recette ultra simple. Ce cake \u00e0 la cr\u00e8me de marrons vanill\u00e9e fait de l\u2019effet aupr\u00e8s des petits comme des grands. Il ne vous prendra que 5 minutes de\u00a0pr\u00e9paration et 45 minutes de\u00a0cuisson.<\/p>\n<p>___________________________________________________________________________________________________<\/p>\n<p>Pour 6 personnes, il vous faut :<\/p>\n<ul>\n<li>380g de cr\u00e8me de marrons vanill\u00e9e<\/li>\n<li>60g de beurre fondu<\/li>\n<li>2 \u0153ufs<\/li>\n<li>1 cuill\u00e8re \u00e0 caf\u00e9 rase de farine<\/li>\n<\/ul>\n<p>Pr\u00e9chauffez le four \u00e0 180\u00b0C. Faites fondre le beurre puis m\u00e9langez avec la cr\u00e8me de marrons. Ajoutez les \u0153ufs, la farine, m\u00e9langez et remplissez un moule \u00e0 cake en silicone. Enfournez \u00e0 190\u00b0C puis laissez l\u00e9g\u00e8rement refroidir avant de d\u00e9mouler et de vous r\u00e9galer\u00a0!<\/p>\n<p>Si toutefois vous craignez l\u2019effet de cette merveille sur votre silhouette apr\u00e8s cette p\u00e9riode de f\u00eate, j\u2019ai une solution pour vous\u00a0! Offrez-vous le tout nouveau parfum d\u2019atmosph\u00e8re <a href=\"https:\/\/olfaphily.fr\/frais\/79-sobre-toque-de-chef-chauds-les-marrons.html\">\u00ab\u00a0Chauds les marrons, chauds\u00a0!\u00a0\u00bb<\/a> d\u2019OlfaPhily. C\u2019est la garantie de\u00a0:<\/p>\n<ul>\n<li>pr\u00e8s de 6 mois de plaisir olfactif avec une fragrance qui \u00e9voque les moments partag\u00e9s en famille ou entre amis, la chaleur, l\u2019enfance &amp; la nature<\/li>\n<li>pour 22\u20ac seulement<\/li>\n<li>et sans aucune calorie\u00a0!<\/li>\n<\/ul>\n<p>De quoi tirer les marrons du feu \u00e9l\u00e9gamment\u00a0!<\/p>\n","protected":false},"excerpt":{"rendered":"<p>La ch\u00e2taigne est cultiv\u00e9e par les moines depuis le 11\u00e8me si\u00e8cle. Elle pousse sur\u00a0\u00ab\u00a0l\u2019arbre \u00e0 pain\u00a0\u00bb ou \u00ab l\u2019arbre providence\u00bb dont le bois et les feuilles sont \u00e9galement exploit\u00e9s. Aujourd\u2019hui, il reste dans les for\u00eats ard\u00e9choises et auvergnates de nombreux<span class=\"ellipsis\">&hellip;<\/span> <span class=\"read-more\" style=\"font-family:daniel,Roboto, sans-serif; font-size: 16px; text-align:center; padding-top: 10px;\"><a href=\"https:\/\/olfaphily.fr\/leblog\/les-olfaphiles-vous-disent-tout-sur-la-chataigne-en-auvergne-rhone-alpes\/\">Lire la suite<\/a><\/span><\/p>\n","protected":false},"author":1,"featured_media":1704,"comment_status":"open","ping_status":"open","sticky":true,"template":"","format":"standard","meta":{"om_disable_all_campaigns":false,"_uf_show_specific_survey":0,"_uf_disable_surveys":false,"footnotes":""},"categories":[3],"tags":[],"aioseo_notices":[],"_links":{"self":[{"href":"https:\/\/olfaphily.fr\/leblog\/wp-json\/wp\/v2\/posts\/1484"}],"collection":[{"href":"https:\/\/olfaphily.fr\/leblog\/wp-json\/wp\/v2\/posts"}],"about":[{"href":"https:\/\/olfaphily.fr\/leblog\/wp-json\/wp\/v2\/types\/post"}],"author":[{"embeddable":true,"href":"https:\/\/olfaphily.fr\/leblog\/wp-json\/wp\/v2\/users\/1"}],"replies":[{"embeddable":true,"href":"https:\/\/olfaphily.fr\/leblog\/wp-json\/wp\/v2\/comments?post=1484"}],"version-history":[{"count":16,"href":"https:\/\/olfaphily.fr\/leblog\/wp-json\/wp\/v2\/posts\/1484\/revisions"}],"predecessor-version":[{"id":1707,"href":"https:\/\/olfaphily.fr\/leblog\/wp-json\/wp\/v2\/posts\/1484\/revisions\/1707"}],"wp:featuredmedia":[{"embeddable":true,"href":"https:\/\/olfaphily.fr\/leblog\/wp-json\/wp\/v2\/media\/1704"}],"wp:attachment":[{"href":"https:\/\/olfaphily.fr\/leblog\/wp-json\/wp\/v2\/media?parent=1484"}],"wp:term":[{"taxonomy":"category","embeddable":true,"href":"https:\/\/olfaphily.fr\/leblog\/wp-json\/wp\/v2\/categories?post=1484"},{"taxonomy":"post_tag","embeddable":true,"href":"https:\/\/olfaphily.fr\/leblog\/wp-json\/wp\/v2\/tags?post=1484"}],"curies":[{"name":"wp","href":"https:\/\/api.w.org\/{rel}","templated":true}]}}