{"id":1606,"date":"2018-04-30T16:41:01","date_gmt":"2018-04-30T16:41:01","guid":{"rendered":"https:\/\/olfaphily.fr\/leblog\/?p=1606"},"modified":"2018-05-16T15:20:36","modified_gmt":"2018-05-16T15:20:36","slug":"interview-exclusive-jc-deveney-pour-le-lyon-bd-festival","status":"publish","type":"post","link":"https:\/\/olfaphily.fr\/leblog\/interview-exclusive-jc-deveney-pour-le-lyon-bd-festival\/","title":{"rendered":"Interview exclusive JC Deveney pour le Lyon BD Festival"},"content":{"rendered":"<h1>Comment t\u2019es-tu tourn\u00e9 vers OlfaPhily ?<\/h1>\n<p>J\u2019ai lanc\u00e9 une bouteille (num\u00e9rique) dans la mer (des r\u00e9seaux). Je cherchais en effet une personne capable de cr\u00e9er des parfums dans le cadre d\u2019une exposition sur laquelle je travaillais. Connaissant la r\u00e9activit\u00e9 des r\u00e9seaux sociaux, j\u2019ai expos\u00e9 mon projet, en mode petite annonce, et un de mes contacts m\u2019a rapidement orient\u00e9 vers Olfaphily. Les premiers \u00e9changes se sont tr\u00e8s bien pass\u00e9s. Et le fait que la soci\u00e9t\u00e9 soit implant\u00e9e \u00e0 Saint-Fons, tout pr\u00e8s de Lyon, a fini de rendre la rencontre \u00e9vidente.<\/p>\n<h1>Quels ont \u00e9t\u00e9 pour toi les pistes cr\u00e9atives que tu voulais mettre en avant ?<\/h1>\n<p>L\u2019exposition <em>N\u2019importe o\u00f9 sauf \u00e0 Ithaque <\/em>a pour but de faire d\u00e9couvrir ou red\u00e9couvrir Corto Maltese, un c\u00e9l\u00e8bre personnage de Bd, mais de mani\u00e8re intime et sensorielle. Dans cette optique, le fait de jouer sur la puissance m\u00e9morielle et myst\u00e9rieuse du parfum s\u2019est assez vite impos\u00e9.<\/p>\n<h1>Comment avez-vous au final choisi les 4 fragrances qui seront expos\u00e9es en juin ?<\/h1>\n<p>Nous nous sommes d\u2019abord rencontr\u00e9s avec H\u00e9l\u00e8ne Persod, la cr\u00e9atrice d\u2019Olfaphily, pour \u00e9changer sur ce que j\u2019imaginais et sur ce qui \u00e9tait envisageable. Nous avons alors arr\u00eat\u00e9 4 fragrances \u00e9vocatrices de l\u2019univers de Corto Maltese (la mer, la for\u00eat tropicale, l\u2019odeur des vieux livres et le parfum que pourrait porter Corto). Olfaphily a \u00ab\u00a0sourc\u00e9\u00a0\u00bb les parfums possibles et est revenu avec plusieurs propositions pour chaque. La s\u00e9lection a \u00e9t\u00e9 un moment aussi particulier\u00a0qu\u2019agr\u00e9able: on met rarement son nez autant \u00e0 contribution et la d\u00e9couverte des diff\u00e9rentes fragrances a r\u00e9pondu \u00e0 mes esp\u00e9rances tout en me proposant de nouvelles possibilit\u00e9s.<\/p>\n<h1>Que penses-tu apporter au public avec cette collaboration ?<a href=\"https:\/\/olfaphily.fr\/leblog\/interview-exclusive-jc-deveney-pour-le-lyon-bd-festival\/affiche_nimporteousaufaithaque\/\" rel=\"attachment wp-att-1612\"><img loading=\"lazy\" decoding=\"async\" class=\"aligncenter size-large wp-image-1612\" src=\"https:\/\/olfaphily.fr\/leblog\/wp-content\/uploads\/2018\/04\/Affiche_NimporteOuSaufaIthaque-e1526375811920-1024x723.jpg\" alt=\"OlfaPhily Lyon BD festival Corto Maltese\" width=\"650\" height=\"459\" srcset=\"https:\/\/olfaphily.fr\/leblog\/wp-content\/uploads\/2018\/04\/Affiche_NimporteOuSaufaIthaque-e1526375811920-1024x723.jpg 1024w, https:\/\/olfaphily.fr\/leblog\/wp-content\/uploads\/2018\/04\/Affiche_NimporteOuSaufaIthaque-e1526375811920-300x212.jpg 300w, https:\/\/olfaphily.fr\/leblog\/wp-content\/uploads\/2018\/04\/Affiche_NimporteOuSaufaIthaque-e1526375811920-768x543.jpg 768w, https:\/\/olfaphily.fr\/leblog\/wp-content\/uploads\/2018\/04\/Affiche_NimporteOuSaufaIthaque-e1526375811920-220x155.jpg 220w, https:\/\/olfaphily.fr\/leblog\/wp-content\/uploads\/2018\/04\/Affiche_NimporteOuSaufaIthaque-e1526375811920.jpg 1240w\" sizes=\"(max-width: 650px) 100vw, 650px\" \/><\/a><\/h1>\n<p>J\u2019esp\u00e8re que ces \u00e9vocations olfactives vont contribuer \u00e0 faire de l\u2019exposition un espace qui m\u00e9langera les diff\u00e9rents sens\u00a0: visuel avec les pages de Bande dessin\u00e9e, auditif avec le commentaire des auteurs en audioguides et olfactifs avec la partie fragrance cr\u00e9\u00e9e par Olfaphily.<\/p>\n<p>&nbsp;<\/p>\n","protected":false},"excerpt":{"rendered":"<p>Comment t\u2019es-tu tourn\u00e9 vers OlfaPhily ? J\u2019ai lanc\u00e9 une bouteille (num\u00e9rique) dans la mer (des r\u00e9seaux). Je cherchais en effet une personne capable de cr\u00e9er des parfums dans le cadre d\u2019une exposition sur laquelle je travaillais. Connaissant la r\u00e9activit\u00e9 des<span class=\"ellipsis\">&hellip;<\/span> <span class=\"read-more\" style=\"font-family:daniel,Roboto, sans-serif; font-size: 16px; text-align:center; padding-top: 10px;\"><a href=\"https:\/\/olfaphily.fr\/leblog\/interview-exclusive-jc-deveney-pour-le-lyon-bd-festival\/\">Lire la suite<\/a><\/span><\/p>\n","protected":false},"author":1,"featured_media":1645,"comment_status":"open","ping_status":"open","sticky":false,"template":"","format":"standard","meta":{"om_disable_all_campaigns":false,"_uf_show_specific_survey":0,"_uf_disable_surveys":false,"footnotes":""},"categories":[3],"tags":[],"aioseo_notices":[],"_links":{"self":[{"href":"https:\/\/olfaphily.fr\/leblog\/wp-json\/wp\/v2\/posts\/1606"}],"collection":[{"href":"https:\/\/olfaphily.fr\/leblog\/wp-json\/wp\/v2\/posts"}],"about":[{"href":"https:\/\/olfaphily.fr\/leblog\/wp-json\/wp\/v2\/types\/post"}],"author":[{"embeddable":true,"href":"https:\/\/olfaphily.fr\/leblog\/wp-json\/wp\/v2\/users\/1"}],"replies":[{"embeddable":true,"href":"https:\/\/olfaphily.fr\/leblog\/wp-json\/wp\/v2\/comments?post=1606"}],"version-history":[{"count":2,"href":"https:\/\/olfaphily.fr\/leblog\/wp-json\/wp\/v2\/posts\/1606\/revisions"}],"predecessor-version":[{"id":1615,"href":"https:\/\/olfaphily.fr\/leblog\/wp-json\/wp\/v2\/posts\/1606\/revisions\/1615"}],"wp:featuredmedia":[{"embeddable":true,"href":"https:\/\/olfaphily.fr\/leblog\/wp-json\/wp\/v2\/media\/1645"}],"wp:attachment":[{"href":"https:\/\/olfaphily.fr\/leblog\/wp-json\/wp\/v2\/media?parent=1606"}],"wp:term":[{"taxonomy":"category","embeddable":true,"href":"https:\/\/olfaphily.fr\/leblog\/wp-json\/wp\/v2\/categories?post=1606"},{"taxonomy":"post_tag","embeddable":true,"href":"https:\/\/olfaphily.fr\/leblog\/wp-json\/wp\/v2\/tags?post=1606"}],"curies":[{"name":"wp","href":"https:\/\/api.w.org\/{rel}","templated":true}]}}